{"id":6774,"date":"2020-03-29T03:36:00","date_gmt":"2020-03-29T01:36:00","guid":{"rendered":"https:\/\/frient.de\/die-ambivalenz-des-digitalen\/"},"modified":"2025-01-21T16:20:44","modified_gmt":"2025-01-21T15:20:44","slug":"die-ambivalenz-des-digitalen","status":"publish","type":"post","link":"https:\/\/frient.de\/en\/artikel\/die-ambivalenz-des-digitalen\/","title":{"rendered":"Die Ambivalenz des Digitalen"},"content":{"rendered":"\n<p class=\"wp-block-paragraph\"><strong>Die aktuelle Publikation von Brot f\u00fcr die Welt \u201eDie Ambivalenz des Digitalen\u201c widmet sich dem digitalen Wandel aus unterschiedlichen Perspektiven. Sie beleuchtet die entwicklungs- und menschenrechtspolitischen Auswirkungen der Digitalisierung im Globalen S\u00fcden. <\/strong><\/p>\n\n<p class=\"wp-block-paragraph\">Digitaler Wandel aus der Perspektive des Globalen S\u00fcdens sieht vermutlich anders aus als das, was der Globale Norden oder jeder Einzelne in seiner Realit\u00e4t wahrnimmt. Die aktuelle Publikation von Brot f\u00fcr die Welt \u201eDie Ambivalenz des Digitalen\u201c widmet sich diesem Wandel aus unterschiedlichen Perspektiven. Sie beleuchtet die entwicklungs- und menschenrechtspolitischen Auswirkungen der Digitalisierung im Globalen S\u00fcden. Gemeinsam mit der Diakonie Katastrophenhilfe analysieren die Autor*innen die Herausforderungen in \u00d6konomie, Nachhaltigkeit, Tourismus, Frieden, Zivilgesellschaft, Migration, Geschlechtergerechtigkeit, soziale Sicherheit, Landwirtschaft und Humanit\u00e4re Hilfe.   <\/p>\n\n<p class=\"wp-block-paragraph\">Diese Publikation will die Diskussionen \u00fcber Chancen und Risiken der Digitalisierung um den entwicklungspolitischen Blick bereichern. Sie will nicht den Eindruck erwecken, auf alles eine Antwort zu haben. Aber die Autor*innen wollen beispielhaft an den zehn Themenfeldern die unterschiedlichen Sichtweisen darstellen und die aus ihrer Sicht notwendigen Fragen stellen.<br\/>So stehen zum Thema \u201aFrieden\u2018 autonome Waffensysteme im Fokus: Seit einigen Jahren ver\u00e4ndern autonome Waffensysteme den Charakter bewaffneter Konflikte grundlegend. Was von der internationalen R\u00fcstungsindustrie als die Zukunft der Kriegsf\u00fchrung angepriesen wird, st\u00f6\u00dft bei \u201eBrot f\u00fcr die Welt\u201c und vielen anderen auf deutliche Kritik. Mit autonomen Waffensystemen k\u00f6nnte die Schwelle sinken, Konflikte milit\u00e4risch auszutragen. Der Artikel \u201aKiller Roboter \u2013 wenn Maschinen t\u00f6ten\u2018 stellt dar, wo und wie autonome Waffensysteme eingesetzt werden k\u00f6nnten und mit welchen Prinzipien des humanit\u00e4ren V\u00f6lkerrechtes sie in Konflikte geraten. Der Autor fragt, ob und wie diese Entwicklung aufzuhalten ist.      <\/p>\n\n<p class=\"wp-block-paragraph\">Beim Thema Migration konzentrieren sich die Autor*innen auf Grenzschutz und Migrationsabwehr: Der Einsatz IT-gest\u00fctzter Systeme kann Menschenleben retten. Der gegenw\u00e4rtige Ausbau digitaler \u00dcberwachungstechnologien durch die EU hingegen will vor allem Schleppern und Menschenh\u00e4ndlern das Gesch\u00e4ft verderben, wie der Beitrag \u201aTotale Kontrolle: Europas digitale Au\u00dfengrenzen\u2018 zeigt. Durch biometrische Datenerfassung soll die Grenzkontrolle vorangebracht werden. Dadurch, dass sogenannte \u201ePre-Frontier-Daten\u201c erhoben werden, verschieben sich die digitalen Grenzen Europas nach weit au\u00dferhalb der geografischen Grenzen. In K\u00fcstenregionen wie Tunesien, Algerien oder Libyen beobachtet die EU auf diese Art Menschen, um sie auf ihrem Weg nach Europa aufzuhalten.    <br\/><br\/>Zum Blogartikel geht es <a href=\"https:\/\/www.brot-fuer-die-welt.de\/blog\/2020-die-ambivalenz-des-digitalen\/\" target=\"_blank\" rel=\"noopener\">hier<\/a>.<\/p>\n","protected":false},"excerpt":{"rendered":"<p>Die aktuelle Publikation von Brot f\u00fcr die Welt \u201eDie Ambivalenz des Digitalen\u201c widmet sich dem digitalen Wandel aus unterschiedlichen Perspektiven. Sie beleuchtet die entwicklungs- und menschenrechtspolitischen Auswirkungen der Digitalisierung im Globalen S\u00fcden. Digitaler Wandel aus der Perspektive des Globalen S\u00fcdens sieht vermutlich anders aus als das, was der Globale Norden oder jeder Einzelne in seiner [&hellip;]<\/p>\n","protected":false},"author":11,"featured_media":5715,"comment_status":"open","ping_status":"open","sticky":false,"template":"","format":"standard","meta":{"_acf_changed":false,"footnotes":""},"categories":[1],"tags":[1248],"autor":[],"blog-serie":[],"fokusthema":[],"organisation":[471],"region":[],"thema_artikel":[660,669],"class_list":["post-6774","post","type-post","status-publish","format-standard","has-post-thumbnail","hentry","category-unkategorisiert","tag-current-articles-en","organisation-bread-for-the-world","thema_artikel-digitalisierung-en","thema_artikel-menschenrechte-en"],"acf":[],"_links":{"self":[{"href":"https:\/\/frient.de\/en\/wp-json\/wp\/v2\/posts\/6774","targetHints":{"allow":["GET"]}}],"collection":[{"href":"https:\/\/frient.de\/en\/wp-json\/wp\/v2\/posts"}],"about":[{"href":"https:\/\/frient.de\/en\/wp-json\/wp\/v2\/types\/post"}],"author":[{"embeddable":true,"href":"https:\/\/frient.de\/en\/wp-json\/wp\/v2\/users\/11"}],"replies":[{"embeddable":true,"href":"https:\/\/frient.de\/en\/wp-json\/wp\/v2\/comments?post=6774"}],"version-history":[{"count":0,"href":"https:\/\/frient.de\/en\/wp-json\/wp\/v2\/posts\/6774\/revisions"}],"wp:featuredmedia":[{"embeddable":true,"href":"https:\/\/frient.de\/en\/wp-json\/wp\/v2\/media\/5715"}],"wp:attachment":[{"href":"https:\/\/frient.de\/en\/wp-json\/wp\/v2\/media?parent=6774"}],"wp:term":[{"taxonomy":"category","embeddable":true,"href":"https:\/\/frient.de\/en\/wp-json\/wp\/v2\/categories?post=6774"},{"taxonomy":"post_tag","embeddable":true,"href":"https:\/\/frient.de\/en\/wp-json\/wp\/v2\/tags?post=6774"},{"taxonomy":"autor","embeddable":true,"href":"https:\/\/frient.de\/en\/wp-json\/wp\/v2\/autor?post=6774"},{"taxonomy":"blog-serie","embeddable":true,"href":"https:\/\/frient.de\/en\/wp-json\/wp\/v2\/blog-serie?post=6774"},{"taxonomy":"fokusthema","embeddable":true,"href":"https:\/\/frient.de\/en\/wp-json\/wp\/v2\/fokusthema?post=6774"},{"taxonomy":"organisation","embeddable":true,"href":"https:\/\/frient.de\/en\/wp-json\/wp\/v2\/organisation?post=6774"},{"taxonomy":"region","embeddable":true,"href":"https:\/\/frient.de\/en\/wp-json\/wp\/v2\/region?post=6774"},{"taxonomy":"thema_artikel","embeddable":true,"href":"https:\/\/frient.de\/en\/wp-json\/wp\/v2\/thema_artikel?post=6774"}],"curies":[{"name":"wp","href":"https:\/\/api.w.org\/{rel}","templated":true}]}}